{"id":13451,"date":"2022-05-19T23:26:43","date_gmt":"2022-05-19T22:26:43","guid":{"rendered":"http:\/\/zonk-team.pl\/?p=13451"},"modified":"2022-05-19T23:28:37","modified_gmt":"2022-05-19T22:28:37","slug":"pp-f3k-w-turbii-xx-memorial-romana-straburzynskiego","status":"publish","type":"post","link":"https:\/\/zonk-team.pl\/?p=13451","title":{"rendered":"PP F3K w Turbii &#8211; XX Memoria\u0142 Romana Straburzy\u0144skiego"},"content":{"rendered":"<p>W miniony weekend na lotnisku w Turbii odby\u0142y si\u0119 do\u015b\u0107 spore zawody, kt\u00f3re zapowiadali\u015bmy tak\u017ce tutaj.<br \/>\nNaszym wk\u0142adem by\u0142a organizacja zmaga\u0144 w klasie F3K, gdzie r\u00f3wnie\u017c startowali\u015bmy w sk\u0142adzie Pawe\u0142, Mario i Arek.<br \/>\nZ kolei Adrian wspom\u00f3g\u0142 nasze dzie\u0142o i prowadzi\u0142 'sekretariat&#8217; zawod\u00f3w \ud83d\ude42<\/p>\n<p>W sobot\u0119, czyli w trakcie oficjalnej cz\u0119\u015bci zawod\u00f3w zaliczanych do Pucharu Polski, uda\u0142o si\u0119 wylata\u0107 11 rund w bardzo wietrznych i do\u015b\u0107 pochmurnych warunkach.<br \/>\nW zawodach udzia\u0142 wzi\u0119\u0142o 25 zawodnik\u00f3w, a wygra\u0142 Czarek Janas przed Paw\u0142em i Mariem. Arek by\u0142 11-ty.&nbsp;<\/p>\n<p>Niedziela to z kolei dogrywkowy trening dla ch\u0119tnych. Pomimo awarii agregatu, za to w troch\u0119 partyzanckich warunkach \ud83d\ude42 uda\u0142o si\u0119 rozegra\u0107 5 rund w sk\u0142adzie 14 zawodnik\u00f3w i kolejne dwie w gronie pozosta\u0142ych os\u00f3b.<\/p>\n<p>Szczeg\u00f3\u0142owe wyniki jak i ca\u0142\u0105 fotorelacj\u0119 mo\u017cna znale\u017a\u0107 w dziale <a href=\"https:\/\/zonk-team.pl\/?page_id=13447\" target=\"_blank\" rel=\"noopener\"><em><strong>Galeria<\/strong><\/em><\/a><\/p>\n<p><a title=\" \" href=\"https:\/\/zonk-team.pl\/?page_id=13447\" data-image-id=\"7611\" data-src=\"https:\/\/zonk-team.pl\/wp-content\/gallery\/2022-05-13-15-zawody-pp-f3k-memorial-r-straburzynskiego-turbia\/098-IMG00177.JPG\" data-thumbnail=\"https:\/\/zonk-team.pl\/wp-content\/gallery\/2022-05-13-15-zawody-pp-f3k-memorial-r-straburzynskiego-turbia\/thumbs\/thumbs_098-IMG00177.JPG\" data-title=\"098-IMG00177\" data-description=\" \"><img loading=\"lazy\" decoding=\"async\" class=\"ngg-singlepic ngg-none alignleft\" src=\"https:\/\/zonk-team.pl\/wp-content\/gallery\/2022-05-13-15-zawody-pp-f3k-memorial-r-straburzynskiego-turbia\/thumbs\/thumbs_098-IMG00177.JPG\" alt=\"098-IMG00177\" width=\"225\" height=\"150\"\/><\/a> <a title=\" \" href=\"https:\/\/zonk-team.pl\/?page_id=13447\" data-image-id=\"7652\" data-src=\"https:\/\/zonk-team.pl\/wp-content\/gallery\/2022-05-13-15-zawody-pp-f3k-memorial-r-straburzynskiego-turbia\/139-IMG00289.JPG\" data-thumbnail=\"https:\/\/zonk-team.pl\/wp-content\/gallery\/2022-05-13-15-zawody-pp-f3k-memorial-r-straburzynskiego-turbia\/thumbs\/thumbs_139-IMG00289.JPG\" data-title=\"139-IMG00289\" data-description=\" \"><img loading=\"lazy\" decoding=\"async\" class=\"ngg-singlepic ngg-none alignleft\" src=\"https:\/\/zonk-team.pl\/wp-content\/gallery\/2022-05-13-15-zawody-pp-f3k-memorial-r-straburzynskiego-turbia\/thumbs\/thumbs_139-IMG00289.JPG\" alt=\"139-IMG00289\" width=\"200\" height=\"150\"\/><\/a> <a title=\" \" href=\"https:\/\/zonk-team.pl\/?page_id=13447\" data-image-id=\"7690\" data-src=\"https:\/\/zonk-team.pl\/wp-content\/gallery\/2022-05-13-15-zawody-pp-f3k-memorial-r-straburzynskiego-turbia\/177-IMG00357.JPG\" data-thumbnail=\"https:\/\/zonk-team.pl\/wp-content\/gallery\/2022-05-13-15-zawody-pp-f3k-memorial-r-straburzynskiego-turbia\/thumbs\/thumbs_177-IMG00357.JPG\" data-title=\"177-IMG00357\" data-description=\" \"><img loading=\"lazy\" decoding=\"async\" class=\"ngg-singlepic ngg-none alignleft\" src=\"https:\/\/zonk-team.pl\/wp-content\/gallery\/2022-05-13-15-zawody-pp-f3k-memorial-r-straburzynskiego-turbia\/thumbs\/thumbs_177-IMG00357.JPG\" alt=\"177-IMG00357\" width=\"225\" height=\"150\"\/><\/a><\/p>\n","protected":false},"excerpt":{"rendered":"<p>W miniony weekend na lotnisku w Turbii odby\u0142y si\u0119 do\u015b\u0107 spore zawody, kt\u00f3re zapowiadali\u015bmy tak\u017ce tutaj. Naszym wk\u0142adem by\u0142a organizacja zmaga\u0144 w klasie F3K, gdzie r\u00f3wnie\u017c startowali\u015bmy w sk\u0142adzie Pawe\u0142, Mario i Arek. Z kolei Adrian wspom\u00f3g\u0142 nasze dzie\u0142o i prowadzi\u0142 'sekretariat&#8217; zawod\u00f3w \ud83d\ude42 W sobot\u0119, czyli w trakcie oficjalnej cz\u0119\u015bci zawod\u00f3w zaliczanych do Pucharu [&hellip;]<\/p>\n","protected":false},"author":1,"featured_media":0,"comment_status":"closed","ping_status":"closed","sticky":false,"template":"","format":"standard","meta":{"_crdt_document":"","ngg_post_thumbnail":0,"footnotes":""},"categories":[6,7],"tags":[],"class_list":["post-13451","post","type-post","status-publish","format-standard","hentry","category-galerie","category-zawody"],"_links":{"self":[{"href":"https:\/\/zonk-team.pl\/index.php?rest_route=\/wp\/v2\/posts\/13451","targetHints":{"allow":["GET"]}}],"collection":[{"href":"https:\/\/zonk-team.pl\/index.php?rest_route=\/wp\/v2\/posts"}],"about":[{"href":"https:\/\/zonk-team.pl\/index.php?rest_route=\/wp\/v2\/types\/post"}],"author":[{"embeddable":true,"href":"https:\/\/zonk-team.pl\/index.php?rest_route=\/wp\/v2\/users\/1"}],"replies":[{"embeddable":true,"href":"https:\/\/zonk-team.pl\/index.php?rest_route=%2Fwp%2Fv2%2Fcomments&post=13451"}],"version-history":[{"count":4,"href":"https:\/\/zonk-team.pl\/index.php?rest_route=\/wp\/v2\/posts\/13451\/revisions"}],"predecessor-version":[{"id":13788,"href":"https:\/\/zonk-team.pl\/index.php?rest_route=\/wp\/v2\/posts\/13451\/revisions\/13788"}],"wp:attachment":[{"href":"https:\/\/zonk-team.pl\/index.php?rest_route=%2Fwp%2Fv2%2Fmedia&parent=13451"}],"wp:term":[{"taxonomy":"category","embeddable":true,"href":"https:\/\/zonk-team.pl\/index.php?rest_route=%2Fwp%2Fv2%2Fcategories&post=13451"},{"taxonomy":"post_tag","embeddable":true,"href":"https:\/\/zonk-team.pl\/index.php?rest_route=%2Fwp%2Fv2%2Ftags&post=13451"}],"curies":[{"name":"wp","href":"https:\/\/api.w.org\/{rel}","templated":true}]}}