{"id":19427,"date":"2025-01-14T21:46:46","date_gmt":"2025-01-14T20:46:46","guid":{"rendered":"https:\/\/zonk-team.pl\/?p=19427"},"modified":"2025-01-14T21:46:46","modified_gmt":"2025-01-14T20:46:46","slug":"pozegnanie-stefana-piotrowskiego","status":"publish","type":"post","link":"https:\/\/zonk-team.pl\/?p=19427","title":{"rendered":"Po\u017cegnanie Stefana Piotrowskiego"},"content":{"rendered":"<p>Dzi\u015b po\u017cegnali\u015bmy kol. Stefana Piotrowskiego, wieloletniego organizatora zawod\u00f3w w Pi\u0144czowie oraz Kielcach. To dzi\u0119ki Jego inicjatywom wielu z nas mia\u0142o okazj\u0119 si\u0119 pozna\u0107, wsp\u00f3lnie rywalizowa\u0107 i sp\u0119dza\u0107 mi\u0142o czas przy modelach. Mamy dzi\u0119ki Niemu mas\u0119 wspomnie\u0144, anegdot i zdj\u0119\u0107 z imprez si\u0119gaj\u0105cych okolic 2000 roku. Jego niezapomniany okrzyk &#8222;Koledzy!&#8221; (z odpowiedni\u0105 intonacj\u0105) zostanie w naszej pami\u0119ci.<\/p>\n<p>To by\u0142o wielkie szcz\u0119\u015bcie spotka\u0107 kogo\u015b takiego na naszej modelarskiej drodze. Dzi\u0119kujemy!<\/p>\n<p><img loading=\"lazy\" decoding=\"async\" class=\"aligncenter size-medium wp-image-19428\" src=\"https:\/\/zonk-team.pl\/wp-content\/uploads\/2025\/01\/1-DSC_7242-666x1000.jpg\" alt=\"\" width=\"666\" height=\"1000\" srcset=\"https:\/\/zonk-team.pl\/wp-content\/uploads\/2025\/01\/1-DSC_7242-666x1000.jpg 666w, https:\/\/zonk-team.pl\/wp-content\/uploads\/2025\/01\/1-DSC_7242-150x225.jpg 150w, https:\/\/zonk-team.pl\/wp-content\/uploads\/2025\/01\/1-DSC_7242-768x1154.jpg 768w, https:\/\/zonk-team.pl\/wp-content\/uploads\/2025\/01\/1-DSC_7242-1022x1536.jpg 1022w, https:\/\/zonk-team.pl\/wp-content\/uploads\/2025\/01\/1-DSC_7242.jpg 1065w\" sizes=\"auto, (max-width: 666px) 100vw, 666px\" \/><\/p>\n","protected":false},"excerpt":{"rendered":"<p>Dzi\u015b po\u017cegnali\u015bmy kol. Stefana Piotrowskiego, wieloletniego organizatora zawod\u00f3w w Pi\u0144czowie oraz Kielcach. To dzi\u0119ki Jego inicjatywom wielu z nas mia\u0142o okazj\u0119 si\u0119 pozna\u0107, wsp\u00f3lnie rywalizowa\u0107 i sp\u0119dza\u0107 mi\u0142o czas przy modelach. Mamy dzi\u0119ki Niemu mas\u0119 wspomnie\u0144, anegdot i zdj\u0119\u0107 z imprez si\u0119gaj\u0105cych okolic 2000 roku. Jego niezapomniany okrzyk &#8222;Koledzy!&#8221; (z odpowiedni\u0105 intonacj\u0105) zostanie w naszej [&hellip;]<\/p>\n","protected":false},"author":1,"featured_media":0,"comment_status":"closed","ping_status":"closed","sticky":false,"template":"","format":"standard","meta":{"_crdt_document":"","ngg_post_thumbnail":0,"footnotes":""},"categories":[1],"tags":[],"class_list":["post-19427","post","type-post","status-publish","format-standard","hentry","category-nowosci-na-stronie"],"_links":{"self":[{"href":"https:\/\/zonk-team.pl\/index.php?rest_route=\/wp\/v2\/posts\/19427","targetHints":{"allow":["GET"]}}],"collection":[{"href":"https:\/\/zonk-team.pl\/index.php?rest_route=\/wp\/v2\/posts"}],"about":[{"href":"https:\/\/zonk-team.pl\/index.php?rest_route=\/wp\/v2\/types\/post"}],"author":[{"embeddable":true,"href":"https:\/\/zonk-team.pl\/index.php?rest_route=\/wp\/v2\/users\/1"}],"replies":[{"embeddable":true,"href":"https:\/\/zonk-team.pl\/index.php?rest_route=%2Fwp%2Fv2%2Fcomments&post=19427"}],"version-history":[{"count":2,"href":"https:\/\/zonk-team.pl\/index.php?rest_route=\/wp\/v2\/posts\/19427\/revisions"}],"predecessor-version":[{"id":19430,"href":"https:\/\/zonk-team.pl\/index.php?rest_route=\/wp\/v2\/posts\/19427\/revisions\/19430"}],"wp:attachment":[{"href":"https:\/\/zonk-team.pl\/index.php?rest_route=%2Fwp%2Fv2%2Fmedia&parent=19427"}],"wp:term":[{"taxonomy":"category","embeddable":true,"href":"https:\/\/zonk-team.pl\/index.php?rest_route=%2Fwp%2Fv2%2Fcategories&post=19427"},{"taxonomy":"post_tag","embeddable":true,"href":"https:\/\/zonk-team.pl\/index.php?rest_route=%2Fwp%2Fv2%2Ftags&post=19427"}],"curies":[{"name":"wp","href":"https:\/\/api.w.org\/{rel}","templated":true}]}}